{"id":4310,"date":"2024-12-12T10:57:41","date_gmt":"2024-12-12T10:57:41","guid":{"rendered":"https:\/\/elodiechallamel.com\/?p=4310"},"modified":"2024-12-12T10:57:43","modified_gmt":"2024-12-12T10:57:43","slug":"exprimer-sa-verite-absolue-de-lintegration-a-laspiration-elodie-challamel-coaching-geneve-suisse","status":"publish","type":"post","link":"https:\/\/elodiechallamel.com\/index.php\/2024\/12\/12\/exprimer-sa-verite-absolue-de-lintegration-a-laspiration-elodie-challamel-coaching-geneve-suisse\/","title":{"rendered":"D\u00e9couvrir et exprimer sa v\u00e9rit\u00e9 absolue &#8211; De l&rsquo;int\u00e9gration \u00e0 l&rsquo;aspiration"},"content":{"rendered":"\n<p><\/p>\n\n\n\n<h3 class=\"wp-block-heading\">\u00ab\u00a0Tais-toi et parle.<\/h3>\n\n\n\n<h3 class=\"wp-block-heading\">Se taire pour entendre au-del\u00e0 du connu et d\u00e9couvrir les rives de l&rsquo;Intuition. (&#8230;) C&rsquo;est ensemble, sans attente ni a priori, qu&rsquo;en \u00e9coutant sans rel\u00e2che le silence, nous d\u00e9couvrirons l&rsquo;essentiel qui cherche \u00e0 se dire et que nous pouvons alors accompagner pour le bien commun.\u00a0\u00bb*&nbsp;<\/h3>\n\n\n\n<p><\/p>\n\n\n\n<p>Nous voici dans les \u00e9nergies de d\u00e9cembre, derni\u00e8res semaines d&rsquo;automne&nbsp;o\u00f9 les jours raccourcissent, derniers instants o\u00f9&nbsp;la nuit nous enveloppe pleinement&nbsp;et nous propose \u00e0 travers l&rsquo;\u00e9nergie du Sagittaire plusieurs enseignements.<br><br>La premi\u00e8re \u00e9nergie que nous propose le Sagittaire est celle de<mark style=\"background-color:rgba(0, 0, 0, 0)\" class=\"has-inline-color has-black-color\"> l&rsquo;<\/mark><mark style=\"background-color:rgba(0, 0, 0, 0)\" class=\"has-inline-color has-vivid-purple-color\">INTEGRATION <\/mark>: <strong>\u00ab\u00a0Qu&rsquo;est-ce que j&rsquo;ai appris cette ann\u00e9e ?\u00a0\u00bb<\/strong> Tel un orpailleur, je pars \u00e0 la recherche minutieuse&nbsp;de paillettes d&rsquo;or v\u00e9cues durant l&rsquo;ann\u00e9e.<br><strong>Prendre le temps d&rsquo;observer minutieusement ce qui a \u00e9t\u00e9 v\u00e9cu et int\u00e9gr\u00e9.<\/strong><br><br><em>Voici quelques pistes de r\u00e9flexions&nbsp;pour vous accompagner :<br>&#8211; Quels ont \u00e9t\u00e9 les faits marquants de mon ann\u00e9e ?<br>&#8211; Comment ma vie a-t-elle chang\u00e9 ces 12 derniers mois ?<br>&#8211; Qu&rsquo;est-ce que j&rsquo;ai aim\u00e9 dans cette ann\u00e9e ?<\/em><br>&#8211; <em>Qu&rsquo;est-ce que j&rsquo;ai appris et mis en place concr\u00e8tement ?<\/em><br><br>La seconde est celle de l&rsquo;\u00e9nergie d&rsquo;ambition qui m\u00e8ne \u00e0 l&rsquo;\u00e9nergie d&rsquo;<mark style=\"background-color:rgba(0, 0, 0, 0)\" class=\"has-inline-color has-vivid-purple-color\">ASPIRATION<\/mark>. L&rsquo;importance d&rsquo;aller plus loin dans notre compr\u00e9hension du monde qui nous entoure pour toucher toujours plus finement l&rsquo;extra-ordinaire qui se cache en nous.<br><strong>Prendre le temps de se connecter \u00e0 notre aspect \u00e9lev\u00e9, divin, lumineux<\/strong>.<br><em>Je vous propose de cr\u00e9er un temps de silence, de m\u00e9ditation. Pour vous accompagner, voici une suggestion d&rsquo;\u00e9coute :&nbsp;<\/em><br>Alpha 8 Origins : <a href=\"http:\/\/https:\/\/www.youtube.com\/watch?v=r15sJoZg5YA\" target=\"_blank\" rel=\"noreferrer noopener\">Psychedelic Meditation &#8211;&nbsp;Collect Multiversal Information<\/a>.<br><br>Enfin, la derni\u00e8re \u00e9nergie est celle de la <mark style=\"background-color:rgba(0, 0, 0, 0)\" class=\"has-inline-color has-vivid-purple-color\">DIRECTION<\/mark>. Maintenant que j&rsquo;ai reconnect\u00e9 \u00e0 cet extraordinaire en moi, quelle orientation prendre ?<br><strong>Quelle orientation je choisis lorsque je r\u00e9alise qui je suis vraiment ?<\/strong><br><br>Amener sa conscience pour que les \u00e9nergies futures puissent prendre leur place. Laisser de c\u00f4t\u00e9 les anciennes formes, les anciennes pens\u00e9es, les anciens sch\u00e9mas et tourner totalement sa conscience vers ce qui est \u00e0 venir.<\/p>\n\n\n\n<p><em>Quelques questionnements pour aller plus loin :<br>&#8211; Qu&rsquo;est-ce que je souhaite amener en conscience dans mon quotidien ?<br>&#8211; Comment est-ce que j&rsquo;utilise mon \u00e9nergie pour agir dans le monde ?<br>&#8211; Est-ce que ce que je r\u00e9alise est coh\u00e9rent avec qui je suis profond\u00e9ment ? Avec ma v\u00e9rit\u00e9 absolue ?<\/em><br><\/p>\n\n\n\n<p><\/p>\n\n\n\n<p><\/p>\n\n\n\n<p>Parler de v\u00e9rit\u00e9 absolue peut aujourd&rsquo;hui rappeler les croyances excessives, les visions religieuses parfois extr\u00eames et faire peur ou grincer des dents. (Re)D\u00e9finir la v\u00e9rit\u00e9 absolue est essentielle pour se la r\u00e9approprier et comprendre de quoi il est r\u00e9ellement question. <\/p>\n\n\n\n<p><strong>La v\u00e9rit\u00e9 absolue est une valeur sup\u00e9rieure \u00e0 la dualit\u00e9. <\/strong><\/p>\n\n\n\n<p>Telle que nous la d\u00e9finissons avec Paola, elle n&rsquo;est pas une opinion ni un jugement. Elle repr\u00e9sente un \u00e9tat au-del\u00e0 de la dualit\u00e9, offrant aux personnes une perspective claire et align\u00e9e pour guider leurs actions et leurs d\u00e9cisions. C&rsquo;est une valeur ajout\u00e9e essentielle dans un monde souvent marqu\u00e9 par la confusion, les contradictions et la concurrence.<\/p>\n\n\n\n<p><\/p>\n\n\n\n<p><em>&#8211; Quelle est ma v\u00e9rit\u00e9 absolue ? Est-ce que je connais ces valeurs et ce fonctionnement qui font de moi un \u00eatre authentique, unique, serein ?<br>&#8211; Est-ce que je connais ce qui me tient profond\u00e9ment \u00e0 coeur ? Est-ce que je sais reconna\u00eetre ce qui me met en mouvement de fa\u00e7on fluide ? <br>&#8211; Quelle action me rend enthousiaste ?<\/em><br>&#8211; <em>Quelles ont \u00e9t\u00e9 mes exp\u00e9riences les plus nourrissantes, inspirantes? De quoi sont-elles faites ?<\/em><\/p>\n\n\n\n<p><\/p>\n\n\n\n<p>Aller d\u00e9couvrir, au-del\u00e0 de la question de la performance, ce qui me met en joie, ce qui me rend vivant et donne pleinement du sens \u00e0 ma pr\u00e9sence ici et maintenant.<\/p>\n\n\n\n<p>Pour en savoir davantage, je vous invite \u00e0 aller \u00e9couter notre <strong>nouvelle vid\u00e9o avec Paola Sanz<\/strong> : \u00ab\u00a0<a href=\"https:\/\/www.youtube.com\/watch?v=mwqWHL8PfJo\">Vers la V\u00e9rit\u00e9 Absolue<\/a>\u00ab\u00a0.<\/p>\n\n\n\n<p><\/p>\n\n\n\n<p>Vous avez des questions sur la notion de v\u00e9rit\u00e9 absolue, d&rsquo;authenticit\u00e9 ? <mark style=\"background-color:rgba(0, 0, 0, 0)\" class=\"has-inline-color has-vivid-purple-color\"><strong>Contactez-moi<\/strong><\/mark> : elch.coaching@gmail.com ou \u00e9crivez-moi un message dans la partie commentaire !<\/p>\n\n\n\n<p><\/p>\n\n\n\n<p>*<em><strong>Fr\u00e9d\u00e9rique et Patrice Brasseur \u00ab\u00a0O\u00f9 va le monde ? Sur les traces d&rsquo;Hercule\u00a0\u00bb<\/strong><\/em>. Pour en savoir plus sur leurs travaux, je vous invite \u00e0 d\u00e9couvrir \u00e9galement leur vid\u00e9os \u00ab\u00a0Les subtiles le\u00e7ons du zodiaques\u00a0\u00bb notamment la vid\u00e9o sur les <a href=\"https:\/\/www.youtube.com\/watch?v=cynHM5Krs-0\" target=\"_blank\" rel=\"noreferrer noopener\">\u00e9nergies du Sagittaire<\/a>.<\/p>\n\n\n\n<p><\/p>\n","protected":false},"excerpt":{"rendered":"<p>\u00ab\u00a0Tais-toi et parle. Se taire pour entendre au-del\u00e0 du connu et d\u00e9couvrir les rives de l&rsquo;Intuition. (&#8230;) C&rsquo;est ensemble, sans attente ni a priori, qu&rsquo;en \u00e9coutant sans rel\u00e2che le silence, nous d\u00e9couvrirons l&rsquo;essentiel qui cherche \u00e0 se dire et que nous pouvons alors accompagner pour le bien commun.\u00a0\u00bb*&nbsp; Nous voici [&hellip;]<\/p>\n","protected":false},"author":3,"featured_media":0,"comment_status":"open","ping_status":"closed","sticky":false,"template":"","format":"standard","meta":{"_exactmetrics_skip_tracking":false,"_jetpack_newsletter_access":"","_jetpack_dont_email_post_to_subs":true,"_jetpack_newsletter_tier_id":0,"_jetpack_memberships_contains_paywalled_content":false,"_jetpack_memberships_contains_paid_content":false,"footnotes":""},"categories":[1],"tags":[],"class_list":["post-4310","post","type-post","status-publish","format-standard","hentry","category-articles"],"yoast_head":"<!-- This site is optimized with the Yoast SEO plugin v28.3 - https:\/\/yoast.com\/product\/yoast-seo-wordpress\/ -->\n<title>D\u00e9couvrir et exprimer sa v\u00e9rit\u00e9 absolue - De l&#039;int\u00e9gration \u00e0 l&#039;aspiration - Look Inside, act Outside - Elodie Challamel Coaching Gen\u00e8ve Suisse<\/title>\n<meta name=\"description\" content=\"Coaching particuliers &amp; entreprises - Mentoring d&#039;entrepreneurs - Ateliers. Expertise : D\u00e9velopper l&#039;Intelligence Inter et intrapersonnelle, D\u00e9couvrir l&#039;Etat de Flow, Explorer son Talent Inn\u00e9, Ouvrir son champ de Conscience, Affiner sa Communication, Confiance et Posture.\" \/>\n<meta name=\"robots\" content=\"index, follow, max-snippet:-1, max-image-preview:large, max-video-preview:-1\" \/>\n<link rel=\"canonical\" href=\"https:\/\/elodiechallamel.com\/index.php\/2024\/12\/12\/exprimer-sa-verite-absolue-de-lintegration-a-laspiration-elodie-challamel-coaching-geneve-suisse\/\" \/>\n<meta property=\"og:locale\" content=\"fr_FR\" \/>\n<meta property=\"og:type\" content=\"article\" \/>\n<meta property=\"og:title\" content=\"D\u00e9couvrir et exprimer sa v\u00e9rit\u00e9 absolue - De l&#039;int\u00e9gration \u00e0 l&#039;aspiration - Look Inside, act Outside - Elodie Challamel Coaching Gen\u00e8ve Suisse\" \/>\n<meta property=\"og:description\" content=\"Coaching particuliers &amp; entreprises - Mentoring d&#039;entrepreneurs - Ateliers. Expertise : D\u00e9velopper l&#039;Intelligence Inter et intrapersonnelle, D\u00e9couvrir l&#039;Etat de Flow, Explorer son Talent Inn\u00e9, Ouvrir son champ de Conscience, Affiner sa Communication, Confiance et Posture.\" \/>\n<meta property=\"og:url\" content=\"https:\/\/elodiechallamel.com\/index.php\/2024\/12\/12\/exprimer-sa-verite-absolue-de-lintegration-a-laspiration-elodie-challamel-coaching-geneve-suisse\/\" \/>\n<meta property=\"og:site_name\" content=\"Look Inside, act Outside\" \/>\n<meta property=\"article:published_time\" content=\"2024-12-12T10:57:41+00:00\" \/>\n<meta property=\"article:modified_time\" content=\"2024-12-12T10:57:43+00:00\" \/>\n<meta name=\"author\" content=\"Elodie Challamel\" \/>\n<meta name=\"twitter:card\" content=\"summary_large_image\" \/>\n<meta name=\"twitter:label1\" content=\"\u00c9crit par\" \/>\n\t<meta name=\"twitter:data1\" content=\"Elodie Challamel\" \/>\n\t<meta name=\"twitter:label2\" content=\"Dur\u00e9e de lecture estim\u00e9e\" \/>\n\t<meta name=\"twitter:data2\" content=\"4 minutes\" \/>\n<script type=\"application\/ld+json\" class=\"yoast-schema-graph\">{\"@context\":\"https:\\\/\\\/schema.org\",\"@graph\":[{\"@type\":\"Article\",\"@id\":\"https:\\\/\\\/elodiechallamel.com\\\/index.php\\\/2024\\\/12\\\/12\\\/exprimer-sa-verite-absolue-de-lintegration-a-laspiration-elodie-challamel-coaching-geneve-suisse\\\/#article\",\"isPartOf\":{\"@id\":\"https:\\\/\\\/elodiechallamel.com\\\/index.php\\\/2024\\\/12\\\/12\\\/exprimer-sa-verite-absolue-de-lintegration-a-laspiration-elodie-challamel-coaching-geneve-suisse\\\/\"},\"author\":{\"name\":\"Elodie Challamel\",\"@id\":\"https:\\\/\\\/elodiechallamel.com\\\/#\\\/schema\\\/person\\\/25a7775a602fb5dad2fa2fad2023b2aa\"},\"headline\":\"D\u00e9couvrir et exprimer sa v\u00e9rit\u00e9 absolue &#8211; De l&rsquo;int\u00e9gration \u00e0 l&rsquo;aspiration\",\"datePublished\":\"2024-12-12T10:57:41+00:00\",\"dateModified\":\"2024-12-12T10:57:43+00:00\",\"mainEntityOfPage\":{\"@id\":\"https:\\\/\\\/elodiechallamel.com\\\/index.php\\\/2024\\\/12\\\/12\\\/exprimer-sa-verite-absolue-de-lintegration-a-laspiration-elodie-challamel-coaching-geneve-suisse\\\/\"},\"wordCount\":748,\"commentCount\":0,\"publisher\":{\"@id\":\"https:\\\/\\\/elodiechallamel.com\\\/#organization\"},\"articleSection\":[\"Articles\"],\"inLanguage\":\"fr-FR\",\"potentialAction\":[{\"@type\":\"CommentAction\",\"name\":\"Comment\",\"target\":[\"https:\\\/\\\/elodiechallamel.com\\\/index.php\\\/2024\\\/12\\\/12\\\/exprimer-sa-verite-absolue-de-lintegration-a-laspiration-elodie-challamel-coaching-geneve-suisse\\\/#respond\"]}]},{\"@type\":\"WebPage\",\"@id\":\"https:\\\/\\\/elodiechallamel.com\\\/index.php\\\/2024\\\/12\\\/12\\\/exprimer-sa-verite-absolue-de-lintegration-a-laspiration-elodie-challamel-coaching-geneve-suisse\\\/\",\"url\":\"https:\\\/\\\/elodiechallamel.com\\\/index.php\\\/2024\\\/12\\\/12\\\/exprimer-sa-verite-absolue-de-lintegration-a-laspiration-elodie-challamel-coaching-geneve-suisse\\\/\",\"name\":\"D\u00e9couvrir et exprimer sa v\u00e9rit\u00e9 absolue - De l'int\u00e9gration \u00e0 l'aspiration - Look Inside, act Outside - Elodie Challamel Coaching Gen\u00e8ve Suisse\",\"isPartOf\":{\"@id\":\"https:\\\/\\\/elodiechallamel.com\\\/#website\"},\"datePublished\":\"2024-12-12T10:57:41+00:00\",\"dateModified\":\"2024-12-12T10:57:43+00:00\",\"description\":\"Coaching particuliers & entreprises - Mentoring d'entrepreneurs - Ateliers. Expertise : D\u00e9velopper l'Intelligence Inter et intrapersonnelle, D\u00e9couvrir l'Etat de Flow, Explorer son Talent Inn\u00e9, Ouvrir son champ de Conscience, Affiner sa Communication, Confiance et Posture.\",\"breadcrumb\":{\"@id\":\"https:\\\/\\\/elodiechallamel.com\\\/index.php\\\/2024\\\/12\\\/12\\\/exprimer-sa-verite-absolue-de-lintegration-a-laspiration-elodie-challamel-coaching-geneve-suisse\\\/#breadcrumb\"},\"inLanguage\":\"fr-FR\",\"potentialAction\":[{\"@type\":\"ReadAction\",\"target\":[\"https:\\\/\\\/elodiechallamel.com\\\/index.php\\\/2024\\\/12\\\/12\\\/exprimer-sa-verite-absolue-de-lintegration-a-laspiration-elodie-challamel-coaching-geneve-suisse\\\/\"]}]},{\"@type\":\"BreadcrumbList\",\"@id\":\"https:\\\/\\\/elodiechallamel.com\\\/index.php\\\/2024\\\/12\\\/12\\\/exprimer-sa-verite-absolue-de-lintegration-a-laspiration-elodie-challamel-coaching-geneve-suisse\\\/#breadcrumb\",\"itemListElement\":[{\"@type\":\"ListItem\",\"position\":1,\"name\":\"Home\",\"item\":\"https:\\\/\\\/elodiechallamel.com\\\/\"},{\"@type\":\"ListItem\",\"position\":2,\"name\":\"D\u00e9couvrir et exprimer sa v\u00e9rit\u00e9 absolue &#8211; De l&#8217;int\u00e9gration \u00e0 l&#8217;aspiration\"}]},{\"@type\":\"WebSite\",\"@id\":\"https:\\\/\\\/elodiechallamel.com\\\/#website\",\"url\":\"https:\\\/\\\/elodiechallamel.com\\\/\",\"name\":\"Look Inside, act Outside\",\"description\":\"Donner du sens \u00e0 votre mouvement\",\"publisher\":{\"@id\":\"https:\\\/\\\/elodiechallamel.com\\\/#organization\"},\"potentialAction\":[{\"@type\":\"SearchAction\",\"target\":{\"@type\":\"EntryPoint\",\"urlTemplate\":\"https:\\\/\\\/elodiechallamel.com\\\/?s={search_term_string}\"},\"query-input\":{\"@type\":\"PropertyValueSpecification\",\"valueRequired\":true,\"valueName\":\"search_term_string\"}}],\"inLanguage\":\"fr-FR\"},{\"@type\":\"Organization\",\"@id\":\"https:\\\/\\\/elodiechallamel.com\\\/#organization\",\"name\":\"INSIDE\\\/OUTSIDE\",\"url\":\"https:\\\/\\\/elodiechallamel.com\\\/\",\"logo\":{\"@type\":\"ImageObject\",\"inLanguage\":\"fr-FR\",\"@id\":\"https:\\\/\\\/elodiechallamel.com\\\/#\\\/schema\\\/logo\\\/image\\\/\",\"url\":\"https:\\\/\\\/elodiechallamel.com\\\/wp-content\\\/uploads\\\/2021\\\/06\\\/logo_short-2L-neg@4x.png\",\"contentUrl\":\"https:\\\/\\\/elodiechallamel.com\\\/wp-content\\\/uploads\\\/2021\\\/06\\\/logo_short-2L-neg@4x.png\",\"width\":4320,\"height\":3200,\"caption\":\"INSIDE\\\/OUTSIDE\"},\"image\":{\"@id\":\"https:\\\/\\\/elodiechallamel.com\\\/#\\\/schema\\\/logo\\\/image\\\/\"}},{\"@type\":\"Person\",\"@id\":\"https:\\\/\\\/elodiechallamel.com\\\/#\\\/schema\\\/person\\\/25a7775a602fb5dad2fa2fad2023b2aa\",\"name\":\"Elodie Challamel\",\"image\":{\"@type\":\"ImageObject\",\"inLanguage\":\"fr-FR\",\"@id\":\"https:\\\/\\\/secure.gravatar.com\\\/avatar\\\/6e90ebea9e2761970d69755fa3e08fe830f34535f067fa8b13d686058d476a5b?s=96&d=mm&r=g\",\"url\":\"https:\\\/\\\/secure.gravatar.com\\\/avatar\\\/6e90ebea9e2761970d69755fa3e08fe830f34535f067fa8b13d686058d476a5b?s=96&d=mm&r=g\",\"contentUrl\":\"https:\\\/\\\/secure.gravatar.com\\\/avatar\\\/6e90ebea9e2761970d69755fa3e08fe830f34535f067fa8b13d686058d476a5b?s=96&d=mm&r=g\",\"caption\":\"Elodie Challamel\"},\"url\":\"https:\\\/\\\/elodiechallamel.com\\\/index.php\\\/author\\\/elodie\\\/\"}]}<\/script>\n<!-- \/ Yoast SEO plugin. -->","yoast_head_json":{"title":"D\u00e9couvrir et exprimer sa v\u00e9rit\u00e9 absolue - De l'int\u00e9gration \u00e0 l'aspiration - Look Inside, act Outside - Elodie Challamel Coaching Gen\u00e8ve Suisse","description":"Coaching particuliers & entreprises - Mentoring d'entrepreneurs - Ateliers. Expertise : D\u00e9velopper l'Intelligence Inter et intrapersonnelle, D\u00e9couvrir l'Etat de Flow, Explorer son Talent Inn\u00e9, Ouvrir son champ de Conscience, Affiner sa Communication, Confiance et Posture.","robots":{"index":"index","follow":"follow","max-snippet":"max-snippet:-1","max-image-preview":"max-image-preview:large","max-video-preview":"max-video-preview:-1"},"canonical":"https:\/\/elodiechallamel.com\/index.php\/2024\/12\/12\/exprimer-sa-verite-absolue-de-lintegration-a-laspiration-elodie-challamel-coaching-geneve-suisse\/","og_locale":"fr_FR","og_type":"article","og_title":"D\u00e9couvrir et exprimer sa v\u00e9rit\u00e9 absolue - De l'int\u00e9gration \u00e0 l'aspiration - Look Inside, act Outside - Elodie Challamel Coaching Gen\u00e8ve Suisse","og_description":"Coaching particuliers & entreprises - Mentoring d'entrepreneurs - Ateliers. Expertise : D\u00e9velopper l'Intelligence Inter et intrapersonnelle, D\u00e9couvrir l'Etat de Flow, Explorer son Talent Inn\u00e9, Ouvrir son champ de Conscience, Affiner sa Communication, Confiance et Posture.","og_url":"https:\/\/elodiechallamel.com\/index.php\/2024\/12\/12\/exprimer-sa-verite-absolue-de-lintegration-a-laspiration-elodie-challamel-coaching-geneve-suisse\/","og_site_name":"Look Inside, act Outside","article_published_time":"2024-12-12T10:57:41+00:00","article_modified_time":"2024-12-12T10:57:43+00:00","author":"Elodie Challamel","twitter_card":"summary_large_image","twitter_misc":{"\u00c9crit par":"Elodie Challamel","Dur\u00e9e de lecture estim\u00e9e":"4 minutes"},"schema":{"@context":"https:\/\/schema.org","@graph":[{"@type":"Article","@id":"https:\/\/elodiechallamel.com\/index.php\/2024\/12\/12\/exprimer-sa-verite-absolue-de-lintegration-a-laspiration-elodie-challamel-coaching-geneve-suisse\/#article","isPartOf":{"@id":"https:\/\/elodiechallamel.com\/index.php\/2024\/12\/12\/exprimer-sa-verite-absolue-de-lintegration-a-laspiration-elodie-challamel-coaching-geneve-suisse\/"},"author":{"name":"Elodie Challamel","@id":"https:\/\/elodiechallamel.com\/#\/schema\/person\/25a7775a602fb5dad2fa2fad2023b2aa"},"headline":"D\u00e9couvrir et exprimer sa v\u00e9rit\u00e9 absolue &#8211; De l&rsquo;int\u00e9gration \u00e0 l&rsquo;aspiration","datePublished":"2024-12-12T10:57:41+00:00","dateModified":"2024-12-12T10:57:43+00:00","mainEntityOfPage":{"@id":"https:\/\/elodiechallamel.com\/index.php\/2024\/12\/12\/exprimer-sa-verite-absolue-de-lintegration-a-laspiration-elodie-challamel-coaching-geneve-suisse\/"},"wordCount":748,"commentCount":0,"publisher":{"@id":"https:\/\/elodiechallamel.com\/#organization"},"articleSection":["Articles"],"inLanguage":"fr-FR","potentialAction":[{"@type":"CommentAction","name":"Comment","target":["https:\/\/elodiechallamel.com\/index.php\/2024\/12\/12\/exprimer-sa-verite-absolue-de-lintegration-a-laspiration-elodie-challamel-coaching-geneve-suisse\/#respond"]}]},{"@type":"WebPage","@id":"https:\/\/elodiechallamel.com\/index.php\/2024\/12\/12\/exprimer-sa-verite-absolue-de-lintegration-a-laspiration-elodie-challamel-coaching-geneve-suisse\/","url":"https:\/\/elodiechallamel.com\/index.php\/2024\/12\/12\/exprimer-sa-verite-absolue-de-lintegration-a-laspiration-elodie-challamel-coaching-geneve-suisse\/","name":"D\u00e9couvrir et exprimer sa v\u00e9rit\u00e9 absolue - De l'int\u00e9gration \u00e0 l'aspiration - Look Inside, act Outside - Elodie Challamel Coaching Gen\u00e8ve Suisse","isPartOf":{"@id":"https:\/\/elodiechallamel.com\/#website"},"datePublished":"2024-12-12T10:57:41+00:00","dateModified":"2024-12-12T10:57:43+00:00","description":"Coaching particuliers & entreprises - Mentoring d'entrepreneurs - Ateliers. Expertise : D\u00e9velopper l'Intelligence Inter et intrapersonnelle, D\u00e9couvrir l'Etat de Flow, Explorer son Talent Inn\u00e9, Ouvrir son champ de Conscience, Affiner sa Communication, Confiance et Posture.","breadcrumb":{"@id":"https:\/\/elodiechallamel.com\/index.php\/2024\/12\/12\/exprimer-sa-verite-absolue-de-lintegration-a-laspiration-elodie-challamel-coaching-geneve-suisse\/#breadcrumb"},"inLanguage":"fr-FR","potentialAction":[{"@type":"ReadAction","target":["https:\/\/elodiechallamel.com\/index.php\/2024\/12\/12\/exprimer-sa-verite-absolue-de-lintegration-a-laspiration-elodie-challamel-coaching-geneve-suisse\/"]}]},{"@type":"BreadcrumbList","@id":"https:\/\/elodiechallamel.com\/index.php\/2024\/12\/12\/exprimer-sa-verite-absolue-de-lintegration-a-laspiration-elodie-challamel-coaching-geneve-suisse\/#breadcrumb","itemListElement":[{"@type":"ListItem","position":1,"name":"Home","item":"https:\/\/elodiechallamel.com\/"},{"@type":"ListItem","position":2,"name":"D\u00e9couvrir et exprimer sa v\u00e9rit\u00e9 absolue &#8211; De l&#8217;int\u00e9gration \u00e0 l&#8217;aspiration"}]},{"@type":"WebSite","@id":"https:\/\/elodiechallamel.com\/#website","url":"https:\/\/elodiechallamel.com\/","name":"Look Inside, act Outside","description":"Donner du sens \u00e0 votre mouvement","publisher":{"@id":"https:\/\/elodiechallamel.com\/#organization"},"potentialAction":[{"@type":"SearchAction","target":{"@type":"EntryPoint","urlTemplate":"https:\/\/elodiechallamel.com\/?s={search_term_string}"},"query-input":{"@type":"PropertyValueSpecification","valueRequired":true,"valueName":"search_term_string"}}],"inLanguage":"fr-FR"},{"@type":"Organization","@id":"https:\/\/elodiechallamel.com\/#organization","name":"INSIDE\/OUTSIDE","url":"https:\/\/elodiechallamel.com\/","logo":{"@type":"ImageObject","inLanguage":"fr-FR","@id":"https:\/\/elodiechallamel.com\/#\/schema\/logo\/image\/","url":"https:\/\/elodiechallamel.com\/wp-content\/uploads\/2021\/06\/logo_short-2L-neg@4x.png","contentUrl":"https:\/\/elodiechallamel.com\/wp-content\/uploads\/2021\/06\/logo_short-2L-neg@4x.png","width":4320,"height":3200,"caption":"INSIDE\/OUTSIDE"},"image":{"@id":"https:\/\/elodiechallamel.com\/#\/schema\/logo\/image\/"}},{"@type":"Person","@id":"https:\/\/elodiechallamel.com\/#\/schema\/person\/25a7775a602fb5dad2fa2fad2023b2aa","name":"Elodie Challamel","image":{"@type":"ImageObject","inLanguage":"fr-FR","@id":"https:\/\/secure.gravatar.com\/avatar\/6e90ebea9e2761970d69755fa3e08fe830f34535f067fa8b13d686058d476a5b?s=96&d=mm&r=g","url":"https:\/\/secure.gravatar.com\/avatar\/6e90ebea9e2761970d69755fa3e08fe830f34535f067fa8b13d686058d476a5b?s=96&d=mm&r=g","contentUrl":"https:\/\/secure.gravatar.com\/avatar\/6e90ebea9e2761970d69755fa3e08fe830f34535f067fa8b13d686058d476a5b?s=96&d=mm&r=g","caption":"Elodie Challamel"},"url":"https:\/\/elodiechallamel.com\/index.php\/author\/elodie\/"}]}},"jetpack_sharing_enabled":true,"jetpack_featured_media_url":"","_links":{"self":[{"href":"https:\/\/elodiechallamel.com\/index.php\/wp-json\/wp\/v2\/posts\/4310","targetHints":{"allow":["GET"]}}],"collection":[{"href":"https:\/\/elodiechallamel.com\/index.php\/wp-json\/wp\/v2\/posts"}],"about":[{"href":"https:\/\/elodiechallamel.com\/index.php\/wp-json\/wp\/v2\/types\/post"}],"author":[{"embeddable":true,"href":"https:\/\/elodiechallamel.com\/index.php\/wp-json\/wp\/v2\/users\/3"}],"replies":[{"embeddable":true,"href":"https:\/\/elodiechallamel.com\/index.php\/wp-json\/wp\/v2\/comments?post=4310"}],"version-history":[{"count":9,"href":"https:\/\/elodiechallamel.com\/index.php\/wp-json\/wp\/v2\/posts\/4310\/revisions"}],"predecessor-version":[{"id":4319,"href":"https:\/\/elodiechallamel.com\/index.php\/wp-json\/wp\/v2\/posts\/4310\/revisions\/4319"}],"wp:attachment":[{"href":"https:\/\/elodiechallamel.com\/index.php\/wp-json\/wp\/v2\/media?parent=4310"}],"wp:term":[{"taxonomy":"category","embeddable":true,"href":"https:\/\/elodiechallamel.com\/index.php\/wp-json\/wp\/v2\/categories?post=4310"},{"taxonomy":"post_tag","embeddable":true,"href":"https:\/\/elodiechallamel.com\/index.php\/wp-json\/wp\/v2\/tags?post=4310"}],"curies":[{"name":"wp","href":"https:\/\/api.w.org\/{rel}","templated":true}]}}