{"id":4268,"date":"2024-11-19T16:27:36","date_gmt":"2024-11-19T16:27:36","guid":{"rendered":"https:\/\/elodiechallamel.com\/?p=4268"},"modified":"2025-06-17T12:32:08","modified_gmt":"2025-06-17T12:32:08","slug":"elan-createur-etat-de-flow-elodie-challamel-coaching-geneve-suisse-2","status":"publish","type":"post","link":"https:\/\/elodiechallamel.com\/index.php\/2024\/11\/19\/elan-createur-etat-de-flow-elodie-challamel-coaching-geneve-suisse-2\/","title":{"rendered":"R\u00e9v\u00e9ler son Elan Cr\u00e9ateur &amp; exp\u00e9rimenter l&rsquo;\u00e9tat de Flow"},"content":{"rendered":"\n<p>Ce weekend, lors du salon \u00ab\u00a0Les Automnales\u00a0\u00bb \u00e0 Palexpo-Gen\u00e8ve, j&rsquo;ai eu la chance de pr\u00e9senter et faire d\u00e9couvrir l&rsquo;outil \u00ab\u00a0Elan Cr\u00e9ateur et Etat de Flow\u00a0\u00bb \u00e0 une quarantaine de personnes.<\/p>\n\n\n\n<p>Les retours furent tr\u00e8s enthousiasmants par l&rsquo;int\u00e9r\u00eat suscit\u00e9, la mise en ressource ainsi que la connexion rapide aux premiers \u00e9l\u00e9ments de cette unicit\u00e9 gr\u00e2ce \u00e0 la pratique d&rsquo;un exercice concret.<\/p>\n\n\n\n<p><\/p>\n\n\n\n<p>En 2015, j\u2019ai d\u00e9couvert le passionnant concept de l\u2019\u00e9tat de flow et de l\u2019exp\u00e9rience dite optimale.<br>J\u2019ai d\u00e9couvert que mon talent r\u00e9sidait dans la capacit\u00e9 \u00e0 mettre en lumi\u00e8re cet Elan Cr\u00e9ateur unique dans le but de donner du sens \u00e0 l&rsquo;action ainsi qu&rsquo;un profond sentiment d&rsquo;authenticit\u00e9 et d\u2019accomplissement.<br><br>Depuis, j\u2019ai \u00e0 c\u0153ur d\u2019accompagner les personnes, particuliers et entreprises, souhaitant donner du sens \u00e0 leur parcours professionnel, \u00e0 la r\u00e9alisation d&rsquo;un projet collectif, exprimer d\u2019avantage leur talent, d\u00e9velopper leur potentiel, effectuer une transition inspirante par l\u2019exploration concr\u00e8te de leur \u00e9lan cr\u00e9ateur et \u00e9tat de flow.<\/p>\n\n\n\n<p><\/p>\n\n\n\n<p><strong>Quelques mots sur l\u2019auteur pionner de l\u2019\u00e9tat de flow<\/strong><\/p>\n\n\n\n<p>Mih\u00e1ly Cs\u00edkszentmih\u00e1lyi*, psychologue hongro-am\u00e9ricain reconnu pour ses recherches pionni\u00e8res sur le bonheur, la cr\u00e9ativit\u00e9 et l&rsquo;exp\u00e9rience optimale, notamment \u00e0 travers la notion d&rsquo;\u00ab \u00e9tat de flow \u00bb, a consacr\u00e9 sa carri\u00e8re \u00e0 comprendre les m\u00e9canismes qui sous-tendent les moments o\u00f9 les individus sont enti\u00e8rement <mark style=\"background-color:rgba(0, 0, 0, 0)\" class=\"has-inline-color has-vivid-purple-color\">immerg\u00e9s dans une activit\u00e9, ressentant \u00e0 la fois une intense concentration et un profond sentiment d&rsquo;accomplissement<\/mark>.<\/p>\n\n\n\n<p><strong>C\u2019est quoi l\u2019\u00e9tat de flow&nbsp;?<\/strong><\/p>\n\n\n\n<p>Cette exp\u00e9rience nomm\u00e9e \u00ab \u00e9tat de flow \u00bb, survient lorsque les d\u00e9fis auxquels une personne est confront\u00e9e sont en \u00e9quilibre parfait avec ses comp\u00e9tences, cr\u00e9ant un \u00e9tat o\u00f9 le temps semble dispara\u00eetre et o\u00f9 la performance atteint son sommet.<\/p>\n\n\n\n<p>C\u2019est ce que nous d\u00e9signons parfois comme la zone de g\u00e9nie, un <mark style=\"background-color:rgba(0, 0, 0, 0)\" class=\"has-inline-color has-vivid-purple-color\">\u00ab \u00e9tat de gr\u00e2ce \u00bb<\/mark>.<\/p>\n\n\n\n<p><strong>Quels sont les effets sur le cerveau ?<br><\/strong>Le flow provoque des changements dans l\u2019activit\u00e9 c\u00e9r\u00e9brale. Les ondes du cerveau ralentissent, am\u00e9liorant ainsi la concentration et la libre circulation des informations, ce qui entra\u00eene un sentiment <mark style=\"background-color:rgba(0, 0, 0, 0)\" class=\"has-inline-color has-vivid-purple-color\">\u00ab d\u2019ex\u00e9cution sans effort \u00bb<\/mark>. Le cortex pr\u00e9frontal &#8211; qui abrite les prises de d\u00e9cision complexes et la conscience de soi &#8211; s\u2019\u00e9teint pour laisser place \u00e0 d\u2019autres r\u00e9gions du cerveau permettant de nouvelles connexions cr\u00e9atives. En parall\u00e8le, de nombreuses hormones sont lib\u00e9r\u00e9es, contribuant au bien-\u00eatre et \u00e0 la concentration : dopamine, s\u00e9rotonine, endorphine, etc.<\/p>\n\n\n\n<p><strong>Comment je d\u00e9c\u00e8le l\u2019\u00e9tat de flow&nbsp;?<\/strong><\/p>\n\n\n\n<p>Ce \u00ab flow \u00bb conjugue une <mark style=\"background-color:rgba(0, 0, 0, 0)\" class=\"has-inline-color has-vivid-purple-color\">forte motivation, une concentration maximale, mobilise nos \u00e9motions, nos comp\u00e9tences et notre acuit\u00e9 sensorielle<\/mark> pour apprendre et agir de mani\u00e8re performante.<\/p>\n\n\n\n<p>Cet \u00e9tat est cr\u00e9\u00e9 par une s\u00e9quence comportementale optimale avec une mission pr\u00e9cise, un objectif clair et des besoins cibl\u00e9s.<\/p>\n\n\n\n<p><strong>Et, concr\u00e8tement&nbsp;comment je reconnais \u00ab&nbsp;mon&nbsp;\u00bb \u00e9tat de flow ?<\/strong><\/p>\n\n\n\n<p>C\u2019est ce que je vous propose de d\u00e9couvrir lors d\u2019une <mark style=\"background-color:rgba(0, 0, 0, 0)\" class=\"has-inline-color has-vivid-purple-color\">session de coaching \u00ab\u00a0Elan Cr\u00e9ateur et Etat de Flow\u00a0\u00bb\u00a0<\/mark>! Lors d&rsquo;une premi\u00e8re s\u00e9ance, nous prendrons le temps de d\u00e9chiffrer votre s\u00e9quence comportementale optimale ainsi que les conditions n\u00e9cessaires \u00e0 son bon fonctionnement.<\/p>\n\n\n\n<p>Pour en conna\u00eetre d&rsquo;avantage sur l&rsquo;Etat de Flow et l&rsquo;exp\u00e9rience optimale, <mark style=\"background-color:rgba(0, 0, 0, 0)\" class=\"has-inline-color has-vivid-purple-color\"><strong>contactez-moi<\/strong><\/mark> : elch.coaching@gmail.com ou \u00e9crivez-moi un message dans la partie commentaire !<\/p>\n","protected":false},"excerpt":{"rendered":"<p>Ce weekend, lors du salon \u00ab\u00a0Les Automnales\u00a0\u00bb \u00e0 Palexpo-Gen\u00e8ve, j&rsquo;ai eu la chance de pr\u00e9senter et faire d\u00e9couvrir l&rsquo;outil \u00ab\u00a0Elan Cr\u00e9ateur et Etat de Flow\u00a0\u00bb \u00e0 une quarantaine de personnes. Les retours furent tr\u00e8s enthousiasmants par l&rsquo;int\u00e9r\u00eat suscit\u00e9, la mise en ressource ainsi que la connexion rapide aux premiers \u00e9l\u00e9ments [&hellip;]<\/p>\n","protected":false},"author":3,"featured_media":0,"comment_status":"open","ping_status":"closed","sticky":false,"template":"","format":"standard","meta":{"_exactmetrics_skip_tracking":false,"_jetpack_newsletter_access":"","_jetpack_dont_email_post_to_subs":true,"_jetpack_newsletter_tier_id":0,"_jetpack_memberships_contains_paywalled_content":false,"_jetpack_memberships_contains_paid_content":false,"footnotes":""},"categories":[1],"tags":[],"class_list":["post-4268","post","type-post","status-publish","format-standard","hentry","category-articles"],"yoast_head":"<!-- This site is optimized with the Yoast SEO plugin v28.3 - https:\/\/yoast.com\/product\/yoast-seo-wordpress\/ -->\n<title>R\u00e9v\u00e9ler son Elan Cr\u00e9ateur &amp; exp\u00e9rimenter l&#039;\u00e9tat de Flow - Look Inside, act Outside - Elodie Challamel Coaching Gen\u00e8ve Suisse<\/title>\n<meta name=\"description\" content=\"Coaching particuliers &amp; entreprises - Mentoring d&#039;entrepreneurs - Ateliers. Expertise : D\u00e9velopper l&#039;Intelligence Inter et intrapersonnelle, D\u00e9couvrir l&#039;Etat de Flow, Explorer son Elan Cr\u00e9ateur, Ouvrir son champ de Conscience, Affiner sa Communication, Confiance et Posture.\" \/>\n<meta name=\"robots\" content=\"index, follow, max-snippet:-1, max-image-preview:large, max-video-preview:-1\" \/>\n<link rel=\"canonical\" href=\"https:\/\/elodiechallamel.com\/index.php\/2024\/11\/19\/elan-createur-etat-de-flow-elodie-challamel-coaching-geneve-suisse-2\/\" \/>\n<meta property=\"og:locale\" content=\"fr_FR\" \/>\n<meta property=\"og:type\" content=\"article\" \/>\n<meta property=\"og:title\" content=\"R\u00e9v\u00e9ler son Elan Cr\u00e9ateur &amp; exp\u00e9rimenter l&#039;\u00e9tat de Flow - Look Inside, act Outside - Elodie Challamel Coaching Gen\u00e8ve Suisse\" \/>\n<meta property=\"og:description\" content=\"Coaching particuliers &amp; entreprises - Mentoring d&#039;entrepreneurs - Ateliers. Expertise : D\u00e9velopper l&#039;Intelligence Inter et intrapersonnelle, D\u00e9couvrir l&#039;Etat de Flow, Explorer son Elan Cr\u00e9ateur, Ouvrir son champ de Conscience, Affiner sa Communication, Confiance et Posture.\" \/>\n<meta property=\"og:url\" content=\"https:\/\/elodiechallamel.com\/index.php\/2024\/11\/19\/elan-createur-etat-de-flow-elodie-challamel-coaching-geneve-suisse-2\/\" \/>\n<meta property=\"og:site_name\" content=\"Look Inside, act Outside\" \/>\n<meta property=\"article:published_time\" content=\"2024-11-19T16:27:36+00:00\" \/>\n<meta property=\"article:modified_time\" content=\"2025-06-17T12:32:08+00:00\" \/>\n<meta name=\"author\" content=\"Elodie Challamel\" \/>\n<meta name=\"twitter:card\" content=\"summary_large_image\" \/>\n<meta name=\"twitter:label1\" content=\"\u00c9crit par\" \/>\n\t<meta name=\"twitter:data1\" content=\"Elodie Challamel\" \/>\n\t<meta name=\"twitter:label2\" content=\"Dur\u00e9e de lecture estim\u00e9e\" \/>\n\t<meta name=\"twitter:data2\" content=\"3 minutes\" \/>\n<script type=\"application\/ld+json\" class=\"yoast-schema-graph\">{\"@context\":\"https:\\\/\\\/schema.org\",\"@graph\":[{\"@type\":\"Article\",\"@id\":\"https:\\\/\\\/elodiechallamel.com\\\/index.php\\\/2024\\\/11\\\/19\\\/elan-createur-etat-de-flow-elodie-challamel-coaching-geneve-suisse-2\\\/#article\",\"isPartOf\":{\"@id\":\"https:\\\/\\\/elodiechallamel.com\\\/index.php\\\/2024\\\/11\\\/19\\\/elan-createur-etat-de-flow-elodie-challamel-coaching-geneve-suisse-2\\\/\"},\"author\":{\"name\":\"Elodie Challamel\",\"@id\":\"https:\\\/\\\/elodiechallamel.com\\\/#\\\/schema\\\/person\\\/25a7775a602fb5dad2fa2fad2023b2aa\"},\"headline\":\"R\u00e9v\u00e9ler son Elan Cr\u00e9ateur &amp; exp\u00e9rimenter l&rsquo;\u00e9tat de Flow\",\"datePublished\":\"2024-11-19T16:27:36+00:00\",\"dateModified\":\"2025-06-17T12:32:08+00:00\",\"mainEntityOfPage\":{\"@id\":\"https:\\\/\\\/elodiechallamel.com\\\/index.php\\\/2024\\\/11\\\/19\\\/elan-createur-etat-de-flow-elodie-challamel-coaching-geneve-suisse-2\\\/\"},\"wordCount\":604,\"commentCount\":0,\"publisher\":{\"@id\":\"https:\\\/\\\/elodiechallamel.com\\\/#organization\"},\"articleSection\":[\"Articles\"],\"inLanguage\":\"fr-FR\",\"potentialAction\":[{\"@type\":\"CommentAction\",\"name\":\"Comment\",\"target\":[\"https:\\\/\\\/elodiechallamel.com\\\/index.php\\\/2024\\\/11\\\/19\\\/elan-createur-etat-de-flow-elodie-challamel-coaching-geneve-suisse-2\\\/#respond\"]}]},{\"@type\":\"WebPage\",\"@id\":\"https:\\\/\\\/elodiechallamel.com\\\/index.php\\\/2024\\\/11\\\/19\\\/elan-createur-etat-de-flow-elodie-challamel-coaching-geneve-suisse-2\\\/\",\"url\":\"https:\\\/\\\/elodiechallamel.com\\\/index.php\\\/2024\\\/11\\\/19\\\/elan-createur-etat-de-flow-elodie-challamel-coaching-geneve-suisse-2\\\/\",\"name\":\"R\u00e9v\u00e9ler son Elan Cr\u00e9ateur &amp; exp\u00e9rimenter l'\u00e9tat de Flow - Look Inside, act Outside - Elodie Challamel Coaching Gen\u00e8ve Suisse\",\"isPartOf\":{\"@id\":\"https:\\\/\\\/elodiechallamel.com\\\/#website\"},\"datePublished\":\"2024-11-19T16:27:36+00:00\",\"dateModified\":\"2025-06-17T12:32:08+00:00\",\"description\":\"Coaching particuliers & entreprises - Mentoring d'entrepreneurs - Ateliers. Expertise : D\u00e9velopper l'Intelligence Inter et intrapersonnelle, D\u00e9couvrir l'Etat de Flow, Explorer son Elan Cr\u00e9ateur, Ouvrir son champ de Conscience, Affiner sa Communication, Confiance et Posture.\",\"breadcrumb\":{\"@id\":\"https:\\\/\\\/elodiechallamel.com\\\/index.php\\\/2024\\\/11\\\/19\\\/elan-createur-etat-de-flow-elodie-challamel-coaching-geneve-suisse-2\\\/#breadcrumb\"},\"inLanguage\":\"fr-FR\",\"potentialAction\":[{\"@type\":\"ReadAction\",\"target\":[\"https:\\\/\\\/elodiechallamel.com\\\/index.php\\\/2024\\\/11\\\/19\\\/elan-createur-etat-de-flow-elodie-challamel-coaching-geneve-suisse-2\\\/\"]}]},{\"@type\":\"BreadcrumbList\",\"@id\":\"https:\\\/\\\/elodiechallamel.com\\\/index.php\\\/2024\\\/11\\\/19\\\/elan-createur-etat-de-flow-elodie-challamel-coaching-geneve-suisse-2\\\/#breadcrumb\",\"itemListElement\":[{\"@type\":\"ListItem\",\"position\":1,\"name\":\"Home\",\"item\":\"https:\\\/\\\/elodiechallamel.com\\\/\"},{\"@type\":\"ListItem\",\"position\":2,\"name\":\"R\u00e9v\u00e9ler son Elan Cr\u00e9ateur &amp; exp\u00e9rimenter l&rsquo;\u00e9tat de Flow\"}]},{\"@type\":\"WebSite\",\"@id\":\"https:\\\/\\\/elodiechallamel.com\\\/#website\",\"url\":\"https:\\\/\\\/elodiechallamel.com\\\/\",\"name\":\"Look Inside, act Outside\",\"description\":\"Donner du sens \u00e0 votre mouvement\",\"publisher\":{\"@id\":\"https:\\\/\\\/elodiechallamel.com\\\/#organization\"},\"potentialAction\":[{\"@type\":\"SearchAction\",\"target\":{\"@type\":\"EntryPoint\",\"urlTemplate\":\"https:\\\/\\\/elodiechallamel.com\\\/?s={search_term_string}\"},\"query-input\":{\"@type\":\"PropertyValueSpecification\",\"valueRequired\":true,\"valueName\":\"search_term_string\"}}],\"inLanguage\":\"fr-FR\"},{\"@type\":\"Organization\",\"@id\":\"https:\\\/\\\/elodiechallamel.com\\\/#organization\",\"name\":\"INSIDE\\\/OUTSIDE\",\"url\":\"https:\\\/\\\/elodiechallamel.com\\\/\",\"logo\":{\"@type\":\"ImageObject\",\"inLanguage\":\"fr-FR\",\"@id\":\"https:\\\/\\\/elodiechallamel.com\\\/#\\\/schema\\\/logo\\\/image\\\/\",\"url\":\"https:\\\/\\\/elodiechallamel.com\\\/wp-content\\\/uploads\\\/2021\\\/06\\\/logo_short-2L-neg@4x.png\",\"contentUrl\":\"https:\\\/\\\/elodiechallamel.com\\\/wp-content\\\/uploads\\\/2021\\\/06\\\/logo_short-2L-neg@4x.png\",\"width\":4320,\"height\":3200,\"caption\":\"INSIDE\\\/OUTSIDE\"},\"image\":{\"@id\":\"https:\\\/\\\/elodiechallamel.com\\\/#\\\/schema\\\/logo\\\/image\\\/\"}},{\"@type\":\"Person\",\"@id\":\"https:\\\/\\\/elodiechallamel.com\\\/#\\\/schema\\\/person\\\/25a7775a602fb5dad2fa2fad2023b2aa\",\"name\":\"Elodie Challamel\",\"image\":{\"@type\":\"ImageObject\",\"inLanguage\":\"fr-FR\",\"@id\":\"https:\\\/\\\/secure.gravatar.com\\\/avatar\\\/6e90ebea9e2761970d69755fa3e08fe830f34535f067fa8b13d686058d476a5b?s=96&d=mm&r=g\",\"url\":\"https:\\\/\\\/secure.gravatar.com\\\/avatar\\\/6e90ebea9e2761970d69755fa3e08fe830f34535f067fa8b13d686058d476a5b?s=96&d=mm&r=g\",\"contentUrl\":\"https:\\\/\\\/secure.gravatar.com\\\/avatar\\\/6e90ebea9e2761970d69755fa3e08fe830f34535f067fa8b13d686058d476a5b?s=96&d=mm&r=g\",\"caption\":\"Elodie Challamel\"},\"url\":\"https:\\\/\\\/elodiechallamel.com\\\/index.php\\\/author\\\/elodie\\\/\"}]}<\/script>\n<!-- \/ Yoast SEO plugin. -->","yoast_head_json":{"title":"R\u00e9v\u00e9ler son Elan Cr\u00e9ateur &amp; exp\u00e9rimenter l'\u00e9tat de Flow - Look Inside, act Outside - Elodie Challamel Coaching Gen\u00e8ve Suisse","description":"Coaching particuliers & entreprises - Mentoring d'entrepreneurs - Ateliers. Expertise : D\u00e9velopper l'Intelligence Inter et intrapersonnelle, D\u00e9couvrir l'Etat de Flow, Explorer son Elan Cr\u00e9ateur, Ouvrir son champ de Conscience, Affiner sa Communication, Confiance et Posture.","robots":{"index":"index","follow":"follow","max-snippet":"max-snippet:-1","max-image-preview":"max-image-preview:large","max-video-preview":"max-video-preview:-1"},"canonical":"https:\/\/elodiechallamel.com\/index.php\/2024\/11\/19\/elan-createur-etat-de-flow-elodie-challamel-coaching-geneve-suisse-2\/","og_locale":"fr_FR","og_type":"article","og_title":"R\u00e9v\u00e9ler son Elan Cr\u00e9ateur &amp; exp\u00e9rimenter l'\u00e9tat de Flow - Look Inside, act Outside - Elodie Challamel Coaching Gen\u00e8ve Suisse","og_description":"Coaching particuliers & entreprises - Mentoring d'entrepreneurs - Ateliers. Expertise : D\u00e9velopper l'Intelligence Inter et intrapersonnelle, D\u00e9couvrir l'Etat de Flow, Explorer son Elan Cr\u00e9ateur, Ouvrir son champ de Conscience, Affiner sa Communication, Confiance et Posture.","og_url":"https:\/\/elodiechallamel.com\/index.php\/2024\/11\/19\/elan-createur-etat-de-flow-elodie-challamel-coaching-geneve-suisse-2\/","og_site_name":"Look Inside, act Outside","article_published_time":"2024-11-19T16:27:36+00:00","article_modified_time":"2025-06-17T12:32:08+00:00","author":"Elodie Challamel","twitter_card":"summary_large_image","twitter_misc":{"\u00c9crit par":"Elodie Challamel","Dur\u00e9e de lecture estim\u00e9e":"3 minutes"},"schema":{"@context":"https:\/\/schema.org","@graph":[{"@type":"Article","@id":"https:\/\/elodiechallamel.com\/index.php\/2024\/11\/19\/elan-createur-etat-de-flow-elodie-challamel-coaching-geneve-suisse-2\/#article","isPartOf":{"@id":"https:\/\/elodiechallamel.com\/index.php\/2024\/11\/19\/elan-createur-etat-de-flow-elodie-challamel-coaching-geneve-suisse-2\/"},"author":{"name":"Elodie Challamel","@id":"https:\/\/elodiechallamel.com\/#\/schema\/person\/25a7775a602fb5dad2fa2fad2023b2aa"},"headline":"R\u00e9v\u00e9ler son Elan Cr\u00e9ateur &amp; exp\u00e9rimenter l&rsquo;\u00e9tat de Flow","datePublished":"2024-11-19T16:27:36+00:00","dateModified":"2025-06-17T12:32:08+00:00","mainEntityOfPage":{"@id":"https:\/\/elodiechallamel.com\/index.php\/2024\/11\/19\/elan-createur-etat-de-flow-elodie-challamel-coaching-geneve-suisse-2\/"},"wordCount":604,"commentCount":0,"publisher":{"@id":"https:\/\/elodiechallamel.com\/#organization"},"articleSection":["Articles"],"inLanguage":"fr-FR","potentialAction":[{"@type":"CommentAction","name":"Comment","target":["https:\/\/elodiechallamel.com\/index.php\/2024\/11\/19\/elan-createur-etat-de-flow-elodie-challamel-coaching-geneve-suisse-2\/#respond"]}]},{"@type":"WebPage","@id":"https:\/\/elodiechallamel.com\/index.php\/2024\/11\/19\/elan-createur-etat-de-flow-elodie-challamel-coaching-geneve-suisse-2\/","url":"https:\/\/elodiechallamel.com\/index.php\/2024\/11\/19\/elan-createur-etat-de-flow-elodie-challamel-coaching-geneve-suisse-2\/","name":"R\u00e9v\u00e9ler son Elan Cr\u00e9ateur &amp; exp\u00e9rimenter l'\u00e9tat de Flow - Look Inside, act Outside - Elodie Challamel Coaching Gen\u00e8ve Suisse","isPartOf":{"@id":"https:\/\/elodiechallamel.com\/#website"},"datePublished":"2024-11-19T16:27:36+00:00","dateModified":"2025-06-17T12:32:08+00:00","description":"Coaching particuliers & entreprises - Mentoring d'entrepreneurs - Ateliers. Expertise : D\u00e9velopper l'Intelligence Inter et intrapersonnelle, D\u00e9couvrir l'Etat de Flow, Explorer son Elan Cr\u00e9ateur, Ouvrir son champ de Conscience, Affiner sa Communication, Confiance et Posture.","breadcrumb":{"@id":"https:\/\/elodiechallamel.com\/index.php\/2024\/11\/19\/elan-createur-etat-de-flow-elodie-challamel-coaching-geneve-suisse-2\/#breadcrumb"},"inLanguage":"fr-FR","potentialAction":[{"@type":"ReadAction","target":["https:\/\/elodiechallamel.com\/index.php\/2024\/11\/19\/elan-createur-etat-de-flow-elodie-challamel-coaching-geneve-suisse-2\/"]}]},{"@type":"BreadcrumbList","@id":"https:\/\/elodiechallamel.com\/index.php\/2024\/11\/19\/elan-createur-etat-de-flow-elodie-challamel-coaching-geneve-suisse-2\/#breadcrumb","itemListElement":[{"@type":"ListItem","position":1,"name":"Home","item":"https:\/\/elodiechallamel.com\/"},{"@type":"ListItem","position":2,"name":"R\u00e9v\u00e9ler son Elan Cr\u00e9ateur &amp; exp\u00e9rimenter l&rsquo;\u00e9tat de Flow"}]},{"@type":"WebSite","@id":"https:\/\/elodiechallamel.com\/#website","url":"https:\/\/elodiechallamel.com\/","name":"Look Inside, act Outside","description":"Donner du sens \u00e0 votre mouvement","publisher":{"@id":"https:\/\/elodiechallamel.com\/#organization"},"potentialAction":[{"@type":"SearchAction","target":{"@type":"EntryPoint","urlTemplate":"https:\/\/elodiechallamel.com\/?s={search_term_string}"},"query-input":{"@type":"PropertyValueSpecification","valueRequired":true,"valueName":"search_term_string"}}],"inLanguage":"fr-FR"},{"@type":"Organization","@id":"https:\/\/elodiechallamel.com\/#organization","name":"INSIDE\/OUTSIDE","url":"https:\/\/elodiechallamel.com\/","logo":{"@type":"ImageObject","inLanguage":"fr-FR","@id":"https:\/\/elodiechallamel.com\/#\/schema\/logo\/image\/","url":"https:\/\/elodiechallamel.com\/wp-content\/uploads\/2021\/06\/logo_short-2L-neg@4x.png","contentUrl":"https:\/\/elodiechallamel.com\/wp-content\/uploads\/2021\/06\/logo_short-2L-neg@4x.png","width":4320,"height":3200,"caption":"INSIDE\/OUTSIDE"},"image":{"@id":"https:\/\/elodiechallamel.com\/#\/schema\/logo\/image\/"}},{"@type":"Person","@id":"https:\/\/elodiechallamel.com\/#\/schema\/person\/25a7775a602fb5dad2fa2fad2023b2aa","name":"Elodie Challamel","image":{"@type":"ImageObject","inLanguage":"fr-FR","@id":"https:\/\/secure.gravatar.com\/avatar\/6e90ebea9e2761970d69755fa3e08fe830f34535f067fa8b13d686058d476a5b?s=96&d=mm&r=g","url":"https:\/\/secure.gravatar.com\/avatar\/6e90ebea9e2761970d69755fa3e08fe830f34535f067fa8b13d686058d476a5b?s=96&d=mm&r=g","contentUrl":"https:\/\/secure.gravatar.com\/avatar\/6e90ebea9e2761970d69755fa3e08fe830f34535f067fa8b13d686058d476a5b?s=96&d=mm&r=g","caption":"Elodie Challamel"},"url":"https:\/\/elodiechallamel.com\/index.php\/author\/elodie\/"}]}},"jetpack_sharing_enabled":true,"jetpack_featured_media_url":"","_links":{"self":[{"href":"https:\/\/elodiechallamel.com\/index.php\/wp-json\/wp\/v2\/posts\/4268","targetHints":{"allow":["GET"]}}],"collection":[{"href":"https:\/\/elodiechallamel.com\/index.php\/wp-json\/wp\/v2\/posts"}],"about":[{"href":"https:\/\/elodiechallamel.com\/index.php\/wp-json\/wp\/v2\/types\/post"}],"author":[{"embeddable":true,"href":"https:\/\/elodiechallamel.com\/index.php\/wp-json\/wp\/v2\/users\/3"}],"replies":[{"embeddable":true,"href":"https:\/\/elodiechallamel.com\/index.php\/wp-json\/wp\/v2\/comments?post=4268"}],"version-history":[{"count":3,"href":"https:\/\/elodiechallamel.com\/index.php\/wp-json\/wp\/v2\/posts\/4268\/revisions"}],"predecessor-version":[{"id":4404,"href":"https:\/\/elodiechallamel.com\/index.php\/wp-json\/wp\/v2\/posts\/4268\/revisions\/4404"}],"wp:attachment":[{"href":"https:\/\/elodiechallamel.com\/index.php\/wp-json\/wp\/v2\/media?parent=4268"}],"wp:term":[{"taxonomy":"category","embeddable":true,"href":"https:\/\/elodiechallamel.com\/index.php\/wp-json\/wp\/v2\/categories?post=4268"},{"taxonomy":"post_tag","embeddable":true,"href":"https:\/\/elodiechallamel.com\/index.php\/wp-json\/wp\/v2\/tags?post=4268"}],"curies":[{"name":"wp","href":"https:\/\/api.w.org\/{rel}","templated":true}]}}